{"id":9322,"__str__":"Of\u00edcio - Of\u00edcio 397 SAPL/DG de 27/06/2023 por ","link_detail_backend":"/materia/documentoacessorio/9322","metadata":{},"nome":"Of\u00edcio 397 SAPL/DG","data":"2023-06-27","autor":"","ementa":"Req. 135/2023, prot. 793/2023 \u2013 da Vereadora Ana Maria Ferreira Proen\u00e7a, solicitando ao Executivo informa\u00e7\u00f5es sobre a ilumina\u00e7\u00e3o da comunidade rural de Vilela.","indexacao":"","arquivo":"http://sapl.pontenova.mg.leg.br/media/sapl/public/documentoacessorio/2023/9322/of._0397_2023_executivo_-_req._135.2023.pdf","data_ultima_atualizacao":"2023-08-07T16:46:35.501401-03:00","materia":17251,"tipo":6}